{"id":2626,"date":"2024-04-05T16:12:20","date_gmt":"2024-04-05T14:12:20","guid":{"rendered":"https:\/\/vilawatt.cat\/?p=2626"},"modified":"2024-04-05T16:14:12","modified_gmt":"2024-04-05T14:14:12","slug":"italia-y-francia-conocen-como-vilawatt-ha-impulsado-a-viladecans-a-ser-ciudad-verde-europea-2025","status":"publish","type":"post","link":"https:\/\/vilawatt.cat\/es\/italia-y-francia-conocen-como-vilawatt-ha-impulsado-a-viladecans-a-ser-ciudad-verde-europea-2025\/","title":{"rendered":"Italia y Francia conocen c\u00f3mo Vilawatt ha impulsado a Viladecans a ser Ciudad Verde Europea 2025"},"content":{"rendered":"\n<p>La experiencia local de transici\u00f3n energ\u00e9tica con Vilawatt <strong>ha atra\u00eddo la atenci\u00f3n del instituto franc\u00e9s de estudios avanzados IHEDATE<\/strong>, que desde hace veinte a\u00f1os forma a grandes gestores del pa\u00eds vecino. Este viernes 15 de marzo han visitado Viladecans una treintena de participantes en el ciclo anual de la asociaci\u00f3n, que este 2024 tiene por t\u00edtulo &#8216;C\u00f3mo aterrizar la planificaci\u00f3n ecol\u00f3gica&#8217;. Esta delegaci\u00f3n francesa ha puesto punto y final a su visita a Espa\u00f1a durante cinco d\u00edas para conocer el <strong>desarrollo de la agenda ecol\u00f3gica de nuestro pa\u00eds<\/strong>, que es la misi\u00f3n de estudio de su ciclo de este a\u00f1o. As\u00ed, el Ayuntamiento ha explicado la estrategia y el desarrollo de Vilawatt a <strong>responsables de gobiernos regionales, ayuntamientos, organismos p\u00fablicos, patronales y empresas <\/strong>de Francia relacionadas con la energ\u00eda y la movilidad sostenible (como la energ\u00e9tica francesa EDF o las compa\u00f1\u00edas de transporte ferroviario (SNCF y Transdev).&nbsp;<\/p>\n\n\n\n<p>Por otra parte, la labor local por la transici\u00f3n ecol\u00f3gica tambi\u00e9n fue objeto de una <strong>visita de dirigentes locales italianos<\/strong> a Viladecans este 19 de marzo. Una docena de cargos electos y personal directivo de municipios peque\u00f1os de la provincia de Treviso han podido conocer el trabajo que ha llevado a Viladecans a ser escogido por la Uni\u00f3n Europea como Ciudad Verde 2025, al recibir la distinci\u00f3n Green Leaf. El alcalde Carles Ruiz y los tenientes de alcalde de Movilidad, Jordi Maz\u00f3n, y de Medio Ambiente, Encarna Garc\u00eda les han explicado las actuaciones municipales en relaci\u00f3n a la energ\u00eda, la biodiversidad, la gesti\u00f3n del agua o la movilidad sostenible. Asimismo, <strong>la delegaci\u00f3n ha podido visitar la Oficina Vilawatt y el Mercado Municipal de la plaza de Europa donde se promueve una comunidad energ\u00e9tica local<\/strong>.&nbsp;<\/p>\n","protected":false},"excerpt":{"rendered":"<div class=\"entry-summary\">\n<div class=\"entry-summary\">\nLa experiencia local de transici\u00f3n energ\u00e9tica con Vilawatt ha atra\u00eddo la atenci\u00f3n del instituto franc\u00e9s de estudios avanzados IHEDATE, que desde hace veinte a\u00f1os forma a grandes gestores del pa\u00eds vecino.\n<\/div>\n<div class=\"link-more\"><a href=\"https:\/\/vilawatt.cat\/es\/italia-y-francia-conocen-como-vilawatt-ha-impulsado-a-viladecans-a-ser-ciudad-verde-europea-2025\/\" class=\"more-link\">Continue reading<span class=\"screen-reader-text\"> &ldquo;Italia y Francia conocen c\u00f3mo Vilawatt ha impulsado a Viladecans a ser Ciudad Verde Europea 2025&rdquo;<\/span>&hellip;<\/a><\/div>\n<\/div>\n<div class=\"link-more\"><a href=\"https:\/\/vilawatt.cat\/es\/italia-y-francia-conocen-como-vilawatt-ha-impulsado-a-viladecans-a-ser-ciudad-verde-europea-2025\/\" class=\"more-link\">Continue reading<span class=\"screen-reader-text\"> &ldquo;Italia y Francia conocen c\u00f3mo Vilawatt ha impulsado a Viladecans a ser Ciudad Verde Europea 2025&rdquo;<\/span>&hellip;<\/a><\/div>\n","protected":false},"author":1,"featured_media":2629,"comment_status":"closed","ping_status":"closed","sticky":false,"template":"","format":"standard","meta":{"_acf_changed":false,"inline_featured_image":false,"footnotes":""},"categories":[67],"tags":[95,89,69,93,72,94,74,71,70],"class_list":["post-2626","post","type-post","status-publish","format-standard","has-post-thumbnail","hentry","category-news-es","tag-carles-ruiz-2","tag-ciudad-verde-europea-2025","tag-energia-es","tag-ihedate-2","tag-jordi-mazon-es","tag-mercado-municipal","tag-oficina-vilawatt-es","tag-viladecans-es","tag-vilawatt-es","entry"],"acf":[],"_links":{"self":[{"href":"https:\/\/vilawatt.cat\/es\/wp-json\/wp\/v2\/posts\/2626","targetHints":{"allow":["GET"]}}],"collection":[{"href":"https:\/\/vilawatt.cat\/es\/wp-json\/wp\/v2\/posts"}],"about":[{"href":"https:\/\/vilawatt.cat\/es\/wp-json\/wp\/v2\/types\/post"}],"author":[{"embeddable":true,"href":"https:\/\/vilawatt.cat\/es\/wp-json\/wp\/v2\/users\/1"}],"replies":[{"embeddable":true,"href":"https:\/\/vilawatt.cat\/es\/wp-json\/wp\/v2\/comments?post=2626"}],"version-history":[{"count":2,"href":"https:\/\/vilawatt.cat\/es\/wp-json\/wp\/v2\/posts\/2626\/revisions"}],"predecessor-version":[{"id":2631,"href":"https:\/\/vilawatt.cat\/es\/wp-json\/wp\/v2\/posts\/2626\/revisions\/2631"}],"wp:featuredmedia":[{"embeddable":true,"href":"https:\/\/vilawatt.cat\/es\/wp-json\/wp\/v2\/media\/2629"}],"wp:attachment":[{"href":"https:\/\/vilawatt.cat\/es\/wp-json\/wp\/v2\/media?parent=2626"}],"wp:term":[{"taxonomy":"category","embeddable":true,"href":"https:\/\/vilawatt.cat\/es\/wp-json\/wp\/v2\/categories?post=2626"},{"taxonomy":"post_tag","embeddable":true,"href":"https:\/\/vilawatt.cat\/es\/wp-json\/wp\/v2\/tags?post=2626"}],"curies":[{"name":"wp","href":"https:\/\/api.w.org\/{rel}","templated":true}]}}