{"id":2464,"date":"2023-11-21T17:24:34","date_gmt":"2023-11-21T16:24:34","guid":{"rendered":"https:\/\/vilawatt.cat\/?p=2464"},"modified":"2024-05-23T13:33:08","modified_gmt":"2024-05-23T11:33:08","slug":"vilawatt-organiza-una-jornada-ludica-para-sensibilizar-sobre-el-uso-eficiente-de-la-energia","status":"publish","type":"post","link":"https:\/\/vilawatt.cat\/es\/vilawatt-organiza-una-jornada-ludica-para-sensibilizar-sobre-el-uso-eficiente-de-la-energia\/","title":{"rendered":"Vilawatt organiza una jornada l\u00fadica para sensibilizar sobre el uso eficiente de la energ\u00eda"},"content":{"rendered":"\n<p>La plaza de la Mediterr\u00e0nia y el Cubic acoger\u00e1n el pr\u00f3ximo s\u00e1bado 2 de diciembre juegos, espect\u00e1culos y charlas organizadas por el Consorcio Vilawatt con el fin de informar y sensibilizar a la ciudadan\u00eda sobre el uso de energ\u00eda verde y otras iniciativas para ayudar a conseguir la neutralidad clim\u00e1tica en Viladecans.<\/p>\n\n\n\n<p>De 9.30 a 14 horas, se podr\u00e1 disfrutar de un espect\u00e1culo de Explorium, una compa\u00f1\u00eda de divulgaci\u00f3n cient\u00edfica que mostrar\u00e1 los secretos de la energ\u00eda de forma amena y participativa; una burbuja-exposici\u00f3n \u00abCuesti\u00f3n de tiempo\u00bb que hablar\u00e1 del cambio clim\u00e1tico y la transici\u00f3n energ\u00e9tica; el juego del Vilawatt, en el que se podr\u00e1n poner a prueba los conocimientos y habilidades sobre las diferentes fuentes de energ\u00eda limpia y sus aplicaciones; y una chocolatada popular para reponer fuerzas y entrar en calor.<\/p>\n\n\n\n<p>En paralelo, tambi\u00e9n se podr\u00e1n encontrar varios stands y charlas para conocer m\u00e1s a fondo el proyecto de transici\u00f3n energ\u00e9tica de Viladecans que promueve diversas iniciativas para fomentar el ahorro y la eficiencia energ\u00e9tica, as\u00ed como el uso de energ\u00edas renovables. Se ofrecer\u00e1 informaci\u00f3n sobre c\u00f3mo contratar la energ\u00eda verde y 100% renovada Vilawatt, c\u00f3mo utilizar el servicio de coche el\u00e9ctrico compartido, qu\u00e9 son las comunidades energ\u00e9ticas o c\u00f3mo se pueden instalar placas solares en los edificios de viviendas.<\/p>\n\n\n\n<p>La jornada l\u00fadica se desarrolla en paralelo a la celebraci\u00f3n del Primer Congreso Nacional de Transici\u00f3n Energ\u00e9tica Renovable y Ciudadana Vilawatt, que tendr\u00e1 lugar el mismo s\u00e1bado en el C\u00fabic. El encuentro nace con la voluntad de abrir un espacio de di\u00e1logo que reconozca la identidad, la diversidad y la fuerza de la ciudadan\u00eda y de los municipios para establecer estrategias y crear respuestas factibles a los desaf\u00edos que nos plantea la nueva agenda energ\u00e9tica global: rutas para ahorrar energ\u00eda y emisiones con eficiencia energ\u00e9tica.<br>M\u00e1s informaci\u00f3n del congreso en <a href=\"https:\/\/www.viladecans.cat\/vertex\">viladecans.cat\/vertex<\/a><\/p>\n","protected":false},"excerpt":{"rendered":"<div class=\"entry-summary\">\n<div class=\"entry-summary\">\nJuegos, espect\u00e1culos y charlas organizadas por el Consorcio Vilawatt con el fin de informar y sensibilizar a la ciudadan\u00eda sobre el uso de energ\u00eda verde y otras iniciativas para ayudar a conseguir la neutralidad clim\u00e1tica en Viladecans.\n<\/div>\n<div class=\"link-more\"><a href=\"https:\/\/vilawatt.cat\/es\/vilawatt-organiza-una-jornada-ludica-para-sensibilizar-sobre-el-uso-eficiente-de-la-energia\/\" class=\"more-link\">Continue reading<span class=\"screen-reader-text\"> &ldquo;Vilawatt organiza una jornada l\u00fadica para sensibilizar sobre el uso eficiente de la energ\u00eda&rdquo;<\/span>&hellip;<\/a><\/div>\n<\/div>\n<div class=\"link-more\"><a href=\"https:\/\/vilawatt.cat\/es\/vilawatt-organiza-una-jornada-ludica-para-sensibilizar-sobre-el-uso-eficiente-de-la-energia\/\" class=\"more-link\">Continue reading<span class=\"screen-reader-text\"> &ldquo;Vilawatt organiza una jornada l\u00fadica para sensibilizar sobre el uso eficiente de la energ\u00eda&rdquo;<\/span>&hellip;<\/a><\/div>\n","protected":false},"author":3,"featured_media":2466,"comment_status":"closed","ping_status":"closed","sticky":false,"template":"","format":"standard","meta":{"_acf_changed":false,"inline_featured_image":false,"footnotes":""},"categories":[3],"tags":[],"class_list":["post-2464","post","type-post","status-publish","format-standard","has-post-thumbnail","hentry","category-news","entry"],"acf":[],"_links":{"self":[{"href":"https:\/\/vilawatt.cat\/es\/wp-json\/wp\/v2\/posts\/2464","targetHints":{"allow":["GET"]}}],"collection":[{"href":"https:\/\/vilawatt.cat\/es\/wp-json\/wp\/v2\/posts"}],"about":[{"href":"https:\/\/vilawatt.cat\/es\/wp-json\/wp\/v2\/types\/post"}],"author":[{"embeddable":true,"href":"https:\/\/vilawatt.cat\/es\/wp-json\/wp\/v2\/users\/3"}],"replies":[{"embeddable":true,"href":"https:\/\/vilawatt.cat\/es\/wp-json\/wp\/v2\/comments?post=2464"}],"version-history":[{"count":4,"href":"https:\/\/vilawatt.cat\/es\/wp-json\/wp\/v2\/posts\/2464\/revisions"}],"predecessor-version":[{"id":2707,"href":"https:\/\/vilawatt.cat\/es\/wp-json\/wp\/v2\/posts\/2464\/revisions\/2707"}],"wp:featuredmedia":[{"embeddable":true,"href":"https:\/\/vilawatt.cat\/es\/wp-json\/wp\/v2\/media\/2466"}],"wp:attachment":[{"href":"https:\/\/vilawatt.cat\/es\/wp-json\/wp\/v2\/media?parent=2464"}],"wp:term":[{"taxonomy":"category","embeddable":true,"href":"https:\/\/vilawatt.cat\/es\/wp-json\/wp\/v2\/categories?post=2464"},{"taxonomy":"post_tag","embeddable":true,"href":"https:\/\/vilawatt.cat\/es\/wp-json\/wp\/v2\/tags?post=2464"}],"curies":[{"name":"wp","href":"https:\/\/api.w.org\/{rel}","templated":true}]}}